{"id":2930,"date":"2026-07-24T16:52:00","date_gmt":"2026-07-24T21:52:00","guid":{"rendered":"https:\/\/www.radiotaxiradio.com\/web\/?p=2930"},"modified":"2026-07-24T16:52:22","modified_gmt":"2026-07-24T21:52:22","slug":"nuevo-horario-de-atencion","status":"publish","type":"post","link":"https:\/\/www.radiotaxiradio.com\/web\/2026\/nuevo-horario-de-atencion","title":{"rendered":"Nuevo horario de atenci\u00f3n"},"content":{"rendered":"<p>\ud83d\udce2 \u00a1AVISO IMPORTANTE PARA TODOS NUESTROS USUARIOS! \ud83d\ude95<\/p>\n<p>En Radio Taxi Radio S.A. C\u00facuta, nos adaptamos a las normativas vigentes. Les informamos que, siguiendo la Nueva Reforma Laboral, nuestros horarios de atenci\u00f3n en el \u00c1rea Administrativa cambiar\u00e1n a partir del 16 DE JULIO.<\/p>\n<p>\ud83d\uddd3\ufe0f Nuevo Horario Administrativo:<\/p>\n<p>\ud83d\uddc2\ufe0f Lunes a Viernes:<br \/>\n\u2022 Ma\u00f1ana: 8:00 a.m. a 12:30 p.m.<br \/>\n\u2022 Tarde: 2:00 p.m. a 5:00 p.m.<\/p>\n<p>\ud83d\uddc2\ufe0f S\u00e1bados:<br \/>\n\u2022 Jornada \u00danica: 7:30 a.m. a 12:00 m.<\/p>\n<p>Agradecemos de antemano su comprensi\u00f3n. Seguimos comprometidos con brindarle el mejor servicio. \u2764\ufe0f<\/p>\n<p>\u00a1Gracias por su preferencia!<\/p>\n","protected":false},"excerpt":{"rendered":"<p>\ud83d\udce2 \u00a1AVISO IMPORTANTE PARA TODOS NUESTROS USUARIOS! \ud83d\ude95 En Radio Taxi Radio S.A. C\u00facuta, nos adaptamos a las normativas vigentes. Les informamos que, siguiendo la Nueva Reforma Laboral, nuestros horarios de atenci\u00f3n en el \u00c1rea Administrativa cambiar\u00e1n a partir del 16 DE JULIO. \ud83d\uddd3\ufe0f Nuevo Horario Administrativo: \ud83d\uddc2\ufe0f Lunes a Viernes: \u2022 Ma\u00f1ana: 8:00 a.m.<a class=\"read-more\" href=\"https:\/\/www.radiotaxiradio.com\/web\/2026\/nuevo-horario-de-atencion\"> [&hellip;]<\/a><\/p>\n","protected":false},"author":1,"featured_media":2932,"comment_status":"closed","ping_status":"closed","sticky":false,"template":"","format":"standard","meta":{"footnotes":""},"categories":[216],"tags":[760,218,7,816,817,23],"class_list":["post-2930","post","type-post","status-publish","format-standard","has-post-thumbnail","hentry","category-avisos","tag-760","tag-avisos","tag-cucuta","tag-horario-de-atencion","tag-horario-de-atencion-radio-taxi-radio-2026","tag-transporte"],"_links":{"self":[{"href":"https:\/\/www.radiotaxiradio.com\/web\/wp-json\/wp\/v2\/posts\/2930","targetHints":{"allow":["GET"]}}],"collection":[{"href":"https:\/\/www.radiotaxiradio.com\/web\/wp-json\/wp\/v2\/posts"}],"about":[{"href":"https:\/\/www.radiotaxiradio.com\/web\/wp-json\/wp\/v2\/types\/post"}],"author":[{"embeddable":true,"href":"https:\/\/www.radiotaxiradio.com\/web\/wp-json\/wp\/v2\/users\/1"}],"replies":[{"embeddable":true,"href":"https:\/\/www.radiotaxiradio.com\/web\/wp-json\/wp\/v2\/comments?post=2930"}],"version-history":[{"count":1,"href":"https:\/\/www.radiotaxiradio.com\/web\/wp-json\/wp\/v2\/posts\/2930\/revisions"}],"predecessor-version":[{"id":2931,"href":"https:\/\/www.radiotaxiradio.com\/web\/wp-json\/wp\/v2\/posts\/2930\/revisions\/2931"}],"wp:featuredmedia":[{"embeddable":true,"href":"https:\/\/www.radiotaxiradio.com\/web\/wp-json\/wp\/v2\/media\/2932"}],"wp:attachment":[{"href":"https:\/\/www.radiotaxiradio.com\/web\/wp-json\/wp\/v2\/media?parent=2930"}],"wp:term":[{"taxonomy":"category","embeddable":true,"href":"https:\/\/www.radiotaxiradio.com\/web\/wp-json\/wp\/v2\/categories?post=2930"},{"taxonomy":"post_tag","embeddable":true,"href":"https:\/\/www.radiotaxiradio.com\/web\/wp-json\/wp\/v2\/tags?post=2930"}],"curies":[{"name":"wp","href":"https:\/\/api.w.org\/{rel}","templated":true}]}}