{"id":2933,"date":"2026-07-28T23:30:37","date_gmt":"2026-07-29T04:30:37","guid":{"rendered":"https:\/\/www.radiotaxiradio.com\/web\/?p=2933"},"modified":"2026-07-29T00:22:04","modified_gmt":"2026-07-29T05:22:04","slug":"la-revolucion-verde-llega-al-transporte-publico-el-primer-taxi-electrico-de-cucuta","status":"publish","type":"post","link":"https:\/\/www.radiotaxiradio.com\/web\/2026\/la-revolucion-verde-llega-al-transporte-publico-el-primer-taxi-electrico-de-cucuta","title":{"rendered":"La Revoluci\u00f3n Verde Llega al Transporte P\u00fablico: El Primer Taxi El\u00e9ctrico de C\u00facuta"},"content":{"rendered":"<p style=\"text-align: justify;\" data-path-to-node=\"14\">La movilidad en las ciudades colombianas est\u00e1 experimentando una transformaci\u00f3n necesaria y urgente hacia alternativas m\u00e1s limpias y amigables con el medio ambiente. En este contexto de innovaci\u00f3n y sostenibilidad, la ciudad de C\u00facuta acaba de marcar un hito hist\u00f3rico en su sistema de transporte p\u00fablico. Recientemente, se ha dado a conocer una excelente noticia para todos los habitantes de la capital nortesantandereana: la incorporaci\u00f3n de veh\u00edculos cero emisiones a la flota de transporte urbano.<\/p>\n<p><center><div style=\"width: 576px;\" class=\"wp-video\"><video class=\"wp-video-shortcode\" id=\"video-2933-1\" width=\"576\" height=\"1024\" preload=\"metadata\" controls=\"controls\"><source type=\"video\/mp4\" src=\"https:\/\/www.radiotaxiradio.com\/web\/wp-content\/uploads\/2026\/07\/WhatsApp-Video-2026-07-02-at-08.12.37.mp4?_=1\" \/><a href=\"https:\/\/www.radiotaxiradio.com\/web\/wp-content\/uploads\/2026\/07\/WhatsApp-Video-2026-07-02-at-08.12.37.mp4\">https:\/\/www.radiotaxiradio.com\/web\/wp-content\/uploads\/2026\/07\/WhatsApp-Video-2026-07-02-at-08.12.37.mp4<\/a><\/video><\/div><\/center><\/p>\n<p style=\"text-align: justify;\" data-path-to-node=\"15\">La iniciativa ha sido impulsada por nuestra empresa Radio Taxi Radio S.A. C\u00facuta, la cual ha extendido una invitaci\u00f3n a todos los cucute\u00f1os para que comiencen a utilizar los servicios de su plataforma y experimenten una nueva forma de viajar. A trav\u00e9s de un anuncio oficial, la compa\u00f1\u00eda ha presentado con orgullo su m\u00e1s reciente adquisici\u00f3n: el primer taxi ecol\u00f3gico y completamente el\u00e9ctrico que entra en operaci\u00f3n en la ciudad.<\/p>\n<p style=\"text-align: justify;\" data-path-to-node=\"16\">Este nuevo veh\u00edculo no pasa desapercibido en las calles. Se trata de un moderno autom\u00f3vil tipo sed\u00e1n que resalta inmediatamente por su vibrante y llamativo color verde, un tono que simboliza perfectamente su naturaleza ecol\u00f3gica y su compromiso con la reducci\u00f3n de la huella de carbono. El taxi cuenta con un dise\u00f1o aerodin\u00e1mico, luces frontales estilizadas y el distintivo aviso de \u00abTAXI\u00bb en su parabrisas, demostrando que la modernidad y la sostenibilidad pueden ir de la mano en el servicio p\u00fablico. En sus recorridos iniciales, se le ha visto transitando de manera silenciosa y fluida por zonas emblem\u00e1ticas, como las \u00e1reas adoquinadas en las inmediaciones de la infraestructura de un gran estadio local.<\/p>\n<p style=\"text-align: justify;\" data-path-to-node=\"17\">La introducci\u00f3n de este taxi el\u00e9ctrico representa m\u00faltiples beneficios tanto para los usuarios como para la ciudad en general. En primer lugar, al prescindir de combustibles f\u00f3siles, este veh\u00edculo no emite gases de efecto invernadero ni part\u00edculas contaminantes, lo que contribuye directamente a mejorar la calidad del aire que respiran los ciudadanos. Adem\u00e1s, los motores el\u00e9ctricos son notablemente m\u00e1s silenciosos que los de combusti\u00f3n interna, ayudando a disminuir la contaminaci\u00f3n ac\u00fastica, un problema frecuente en los entornos urbanos de alto tr\u00e1fico. Para el pasajero, esto se traduce en un viaje mucho m\u00e1s tranquilo, suave y confortable.<\/p>\n<p style=\"text-align: justify;\" data-path-to-node=\"18\">Lo m\u00e1s prometedor de esta iniciativa es que no se trata de un esfuerzo aislado. La portavoz de la empresa ha asegurado de manera contundente que este es solo el comienzo de una gran transformaci\u00f3n de su parque automotor. Seg\u00fan sus declaraciones, as\u00ed como ha llegado este primer taxi el\u00e9ctrico a las calles de C\u00facuta, se espera la pronta llegada de muchos m\u00e1s veh\u00edculos con estas mismas caracter\u00edsticas ecol\u00f3gicas, los cuales estar\u00e1n vinculados a la red de Radio Taxi Radio. Esto demuestra una visi\u00f3n a largo plazo por parte de la empresa para modernizar el transporte y ofrecer alternativas verdaderamente sostenibles a la comunidad.<\/p>\n<p style=\"text-align: justify;\" data-path-to-node=\"19\">Para aquellos ciudadanos interesados en apoyar esta iniciativa ecol\u00f3gica y disfrutar de un viaje en el nuevo veh\u00edculo, la empresa ha dispuesto m\u00faltiples canales de atenci\u00f3n, facilitando el acceso a sus servicios de manera tradicional y digital. Los usuarios pueden solicitar el taxi el\u00e9ctrico a trav\u00e9s de los siguientes medios:<\/p>\n<ul style=\"text-align: justify;\" data-path-to-node=\"20\">\n<li>\n<p data-path-to-node=\"20,0,0\"><b data-path-to-node=\"20,0,0\" data-index-in-node=\"0\">L\u00ednea telef\u00f3nica tradicional (PBX):<\/b> Comunic\u00e1ndose al n\u00famero 607 5724050.<\/p>\n<\/li>\n<li>\n<p data-path-to-node=\"20,1,0\"><b data-path-to-node=\"20,1,0\" data-index-in-node=\"0\">Mensajer\u00eda instant\u00e1nea (WhatsApp):<\/b> Escribiendo al n\u00famero 312 400 9351.<\/p>\n<\/li>\n<li>\n<p data-path-to-node=\"20,2,0\"><b data-path-to-node=\"20,2,0\" data-index-in-node=\"0\">Aplicaci\u00f3n m\u00f3vil:<\/b> Descargando la aplicaci\u00f3n oficial llamada \u00abR.T.R C\u00facuta\u00bb, la cual se encuentra disponible para todos los sistemas operativos a trav\u00e9s de Google Play, App Store y AppGallery.<\/p>\n<\/li>\n<\/ul>\n<p style=\"text-align: justify;\" data-path-to-node=\"21\">La llegada de este primer taxi el\u00e9ctrico es un paso fundamental hacia una C\u00facuta m\u00e1s limpia, moderna y consciente de su entorno. Es una invitaci\u00f3n abierta para que los ciudadanos elijan opciones de movilidad que protejan el medio ambiente mientras disfrutan de un servicio de calidad y a la vanguardia tecnol\u00f3gica.<\/p>\n","protected":false},"excerpt":{"rendered":"<p>La movilidad en las ciudades colombianas est\u00e1 experimentando una transformaci\u00f3n necesaria y urgente hacia alternativas m\u00e1s limpias y amigables con el medio ambiente. En este contexto de innovaci\u00f3n y sostenibilidad, la ciudad de C\u00facuta acaba de marcar un hito hist\u00f3rico en su sistema de transporte p\u00fablico. Recientemente, se ha dado a conocer una excelente noticia<a class=\"read-more\" href=\"https:\/\/www.radiotaxiradio.com\/web\/2026\/la-revolucion-verde-llega-al-transporte-publico-el-primer-taxi-electrico-de-cucuta\"> [&hellip;]<\/a><\/p>\n","protected":false},"author":1,"featured_media":2935,"comment_status":"closed","ping_status":"closed","sticky":false,"template":"","format":"standard","meta":{"footnotes":""},"categories":[109],"tags":[62,7,819,818,161,614,96,23],"class_list":["post-2933","post","type-post","status-publish","format-standard","has-post-thumbnail","hentry","category-media-social","tag-colombia","tag-cucuta","tag-ecologia","tag-medio-ambiente","tag-movilidad","tag-rtr-cucuta","tag-taxi","tag-transporte"],"_links":{"self":[{"href":"https:\/\/www.radiotaxiradio.com\/web\/wp-json\/wp\/v2\/posts\/2933","targetHints":{"allow":["GET"]}}],"collection":[{"href":"https:\/\/www.radiotaxiradio.com\/web\/wp-json\/wp\/v2\/posts"}],"about":[{"href":"https:\/\/www.radiotaxiradio.com\/web\/wp-json\/wp\/v2\/types\/post"}],"author":[{"embeddable":true,"href":"https:\/\/www.radiotaxiradio.com\/web\/wp-json\/wp\/v2\/users\/1"}],"replies":[{"embeddable":true,"href":"https:\/\/www.radiotaxiradio.com\/web\/wp-json\/wp\/v2\/comments?post=2933"}],"version-history":[{"count":6,"href":"https:\/\/www.radiotaxiradio.com\/web\/wp-json\/wp\/v2\/posts\/2933\/revisions"}],"predecessor-version":[{"id":2941,"href":"https:\/\/www.radiotaxiradio.com\/web\/wp-json\/wp\/v2\/posts\/2933\/revisions\/2941"}],"wp:featuredmedia":[{"embeddable":true,"href":"https:\/\/www.radiotaxiradio.com\/web\/wp-json\/wp\/v2\/media\/2935"}],"wp:attachment":[{"href":"https:\/\/www.radiotaxiradio.com\/web\/wp-json\/wp\/v2\/media?parent=2933"}],"wp:term":[{"taxonomy":"category","embeddable":true,"href":"https:\/\/www.radiotaxiradio.com\/web\/wp-json\/wp\/v2\/categories?post=2933"},{"taxonomy":"post_tag","embeddable":true,"href":"https:\/\/www.radiotaxiradio.com\/web\/wp-json\/wp\/v2\/tags?post=2933"}],"curies":[{"name":"wp","href":"https:\/\/api.w.org\/{rel}","templated":true}]}}