{"id":2947,"date":"2026-08-07T06:08:17","date_gmt":"2026-08-07T11:08:17","guid":{"rendered":"https:\/\/www.radiotaxiradio.com\/web\/?p=2947"},"modified":"2026-08-07T01:46:05","modified_gmt":"2026-08-07T06:46:05","slug":"sabado-8-de-agosto-de-2026-no-tendremos-atencion-al-publico","status":"publish","type":"post","link":"https:\/\/www.radiotaxiradio.com\/web\/2026\/sabado-8-de-agosto-de-2026-no-tendremos-atencion-al-publico","title":{"rendered":"S\u00e1bado 8 de agosto de 2026 no tendremos atenci\u00f3n al p\u00fablico"},"content":{"rendered":"<p><strong>\ud83d\udce2 AVISO IMPORTANTE<\/strong><\/p>\n<p>\ud83d\ude96 Radio Taxi Radio S.A. C\u00facuta informa a todos nuestros usuarios y al p\u00fablico en general que el pr\u00f3ximo s\u00e1bado 08 de agosto no habr\u00e1 atenci\u00f3n al p\u00fablico en el \u00e1rea administrativa, debido a que nuestro personal asistir\u00e1 a una capacitaci\u00f3n programada por ARL Bol\u00edvar.<\/p>\n<p>Agradecemos su comprensi\u00f3n y ofrecemos disculpas por los inconvenientes que esta situaci\u00f3n pueda ocasionar. Retomaremos la atenci\u00f3n en nuestro horario habitual al finalizar la jornada de capacitaci\u00f3n.<\/p>\n<p>Agradecemos su confianza y comprensi\u00f3n.<\/p>\n","protected":false},"excerpt":{"rendered":"<p>\ud83d\udce2 AVISO IMPORTANTE \ud83d\ude96 Radio Taxi Radio S.A. C\u00facuta informa a todos nuestros usuarios y al p\u00fablico en general que el pr\u00f3ximo s\u00e1bado 08 de agosto no habr\u00e1 atenci\u00f3n al p\u00fablico en el \u00e1rea administrativa, debido a que nuestro personal asistir\u00e1 a una capacitaci\u00f3n programada por ARL Bol\u00edvar. Agradecemos su comprensi\u00f3n y ofrecemos disculpas por<a class=\"read-more\" href=\"https:\/\/www.radiotaxiradio.com\/web\/2026\/sabado-8-de-agosto-de-2026-no-tendremos-atencion-al-publico\"> [&hellip;]<\/a><\/p>\n","protected":false},"author":1,"featured_media":2948,"comment_status":"closed","ping_status":"closed","sticky":false,"template":"","format":"standard","meta":{"footnotes":""},"categories":[216],"tags":[820,218,161],"class_list":["post-2947","post","type-post","status-publish","format-standard","has-post-thumbnail","hentry","category-avisos","tag-atencion-al-publico","tag-avisos","tag-movilidad"],"_links":{"self":[{"href":"https:\/\/www.radiotaxiradio.com\/web\/wp-json\/wp\/v2\/posts\/2947","targetHints":{"allow":["GET"]}}],"collection":[{"href":"https:\/\/www.radiotaxiradio.com\/web\/wp-json\/wp\/v2\/posts"}],"about":[{"href":"https:\/\/www.radiotaxiradio.com\/web\/wp-json\/wp\/v2\/types\/post"}],"author":[{"embeddable":true,"href":"https:\/\/www.radiotaxiradio.com\/web\/wp-json\/wp\/v2\/users\/1"}],"replies":[{"embeddable":true,"href":"https:\/\/www.radiotaxiradio.com\/web\/wp-json\/wp\/v2\/comments?post=2947"}],"version-history":[{"count":2,"href":"https:\/\/www.radiotaxiradio.com\/web\/wp-json\/wp\/v2\/posts\/2947\/revisions"}],"predecessor-version":[{"id":2950,"href":"https:\/\/www.radiotaxiradio.com\/web\/wp-json\/wp\/v2\/posts\/2947\/revisions\/2950"}],"wp:featuredmedia":[{"embeddable":true,"href":"https:\/\/www.radiotaxiradio.com\/web\/wp-json\/wp\/v2\/media\/2948"}],"wp:attachment":[{"href":"https:\/\/www.radiotaxiradio.com\/web\/wp-json\/wp\/v2\/media?parent=2947"}],"wp:term":[{"taxonomy":"category","embeddable":true,"href":"https:\/\/www.radiotaxiradio.com\/web\/wp-json\/wp\/v2\/categories?post=2947"},{"taxonomy":"post_tag","embeddable":true,"href":"https:\/\/www.radiotaxiradio.com\/web\/wp-json\/wp\/v2\/tags?post=2947"}],"curies":[{"name":"wp","href":"https:\/\/api.w.org\/{rel}","templated":true}]}}