{"id":2951,"date":"2026-08-07T04:28:11","date_gmt":"2026-08-07T09:28:11","guid":{"rendered":"https:\/\/www.radiotaxiradio.com\/web\/?p=2951"},"modified":"2026-08-07T04:28:11","modified_gmt":"2026-08-07T09:28:11","slug":"el-7-de-agosto-y-el-valor-de-nuestra-libertad-en-el-dia-de-la-batalla-de-boyaca","status":"publish","type":"post","link":"https:\/\/www.radiotaxiradio.com\/web\/2026\/el-7-de-agosto-y-el-valor-de-nuestra-libertad-en-el-dia-de-la-batalla-de-boyaca","title":{"rendered":"El 7 de Agosto y el valor de nuestra libertad en el D\u00eda de la Batalla de Boyac\u00e1"},"content":{"rendered":"<p data-path-to-node=\"2\">Hoy, 7 de agosto, Colombia entera se detiene para recordar una de las fechas m\u00e1s trascendentales de su historia y celebrar el d\u00eda en que se sell\u00f3 de manera definitiva la independencia de nuestra naci\u00f3n.<\/p>\n<p data-path-to-node=\"3\">Para comprender la magnitud de esta fecha, debemos remontarnos al a\u00f1o 1819. La Batalla de Boyac\u00e1 fue el evento culminante de la Campa\u00f1a Libertadora, una ardua traves\u00eda de 78 d\u00edas liderada por Sim\u00f3n Bol\u00edvar y Francisco de Paula Santander. Tras cruzar el implacable clima del P\u00e1ramo de Pisba, un ej\u00e9rcito de patriotas compuesto por campesinos, llaneros, ind\u00edgenas y mestizos, impulsados por un profundo anhelo de libertad, logr\u00f3 interceptar a las tropas realistas del imperio espa\u00f1ol comandadas por el coronel Jos\u00e9 Mar\u00eda Barreiro.<\/p>\n<p data-path-to-node=\"4\">El hist\u00f3rico enfrentamiento tuvo lugar a orillas del r\u00edo Teatinos, en el cruce del emblem\u00e1tico Puente de Boyac\u00e1. All\u00ed, con una brillante estrategia militar, movimientos r\u00e1pidos y un coraje inquebrantable, las fuerzas independentistas lograron dividir y rodear al ej\u00e9rcito realista. Esta victoria contundente no solo impidi\u00f3 que las tropas espa\u00f1olas llegaran a Santa Fe de Bogot\u00e1, sino que puso fin al dominio colonial en la Nueva Granada y abri\u00f3 las puertas para la consolidaci\u00f3n de la Rep\u00fablica.<\/p>\n<p data-path-to-node=\"5\">En Radio Taxi Radio S.A., nos unimos con profundo respeto y fervor patri\u00f3tico a esta solemne celebraci\u00f3n nacional. Al reflexionar sobre esta gesta heroica, como empresa conformada por colombianos trabajadores, entendemos que la historia y el progreso de nuestro pa\u00eds se han construido a trav\u00e9s de grandes recorridos, esfuerzo constante y caminos compartidos.<\/p>\n<p data-path-to-node=\"6\">As\u00ed como aquellos pr\u00f3ceres superaron enormes obst\u00e1culos geogr\u00e1ficos y adversidades para forjar un pa\u00eds libre, hoy nuestra misi\u00f3n como empresa de transporte es seguir movilizando a los ciudadanos, conectando destinos, acercando familias y facilitando los sue\u00f1os de quienes conf\u00edan en nuestro servicio en cada viaje que emprendemos.<\/p>\n<p data-path-to-node=\"7\">Ser una empresa colombiana nos llena de orgullo y nos inspira a trabajar diariamente con un alto sentido de pertenencia y responsabilidad social. En esta fecha patria, desde Radio Taxi Radio S.A. reafirmamos nuestra dedicaci\u00f3n y compromiso de brindar a nuestros usuarios un servicio de transporte seguro, \u00e1gil y de la m\u00e1s alta calidad, rodando por las mismas tierras que hace m\u00e1s de dos siglos vieron nacer nuestra libertad.<\/p>\n<p data-path-to-node=\"8\">Honremos juntos nuestra historia, valoremos la independencia que heredamos de nuestros h\u00e9roes y continuemos avanzando por las v\u00edas del desarrollo y la paz.<\/p>\n<p style=\"text-align: center;\" data-path-to-node=\"9\">\u00a1Feliz D\u00eda de la Batalla de Boyac\u00e1 les desea toda la familia de Radio Taxi Radio S.A.!<\/p>\n","protected":false},"excerpt":{"rendered":"<p>Hoy, 7 de agosto, Colombia entera se detiene para recordar una de las fechas m\u00e1s trascendentales de su historia y celebrar el d\u00eda en que se sell\u00f3 de manera definitiva la independencia de nuestra naci\u00f3n. Para comprender la magnitud de esta fecha, debemos remontarnos al a\u00f1o 1819. La Batalla de Boyac\u00e1 fue el evento culminante<a class=\"read-more\" href=\"https:\/\/www.radiotaxiradio.com\/web\/2026\/el-7-de-agosto-y-el-valor-de-nuestra-libertad-en-el-dia-de-la-batalla-de-boyaca\"> [&hellip;]<\/a><\/p>\n","protected":false},"author":1,"featured_media":2952,"comment_status":"closed","ping_status":"closed","sticky":false,"template":"","format":"standard","meta":{"footnotes":""},"categories":[109],"tags":[675,62,16,55],"class_list":["post-2951","post","type-post","status-publish","format-standard","has-post-thumbnail","hentry","category-media-social","tag-batalla-de-boyaca","tag-colombia","tag-eventos","tag-festividad"],"_links":{"self":[{"href":"https:\/\/www.radiotaxiradio.com\/web\/wp-json\/wp\/v2\/posts\/2951","targetHints":{"allow":["GET"]}}],"collection":[{"href":"https:\/\/www.radiotaxiradio.com\/web\/wp-json\/wp\/v2\/posts"}],"about":[{"href":"https:\/\/www.radiotaxiradio.com\/web\/wp-json\/wp\/v2\/types\/post"}],"author":[{"embeddable":true,"href":"https:\/\/www.radiotaxiradio.com\/web\/wp-json\/wp\/v2\/users\/1"}],"replies":[{"embeddable":true,"href":"https:\/\/www.radiotaxiradio.com\/web\/wp-json\/wp\/v2\/comments?post=2951"}],"version-history":[{"count":1,"href":"https:\/\/www.radiotaxiradio.com\/web\/wp-json\/wp\/v2\/posts\/2951\/revisions"}],"predecessor-version":[{"id":2953,"href":"https:\/\/www.radiotaxiradio.com\/web\/wp-json\/wp\/v2\/posts\/2951\/revisions\/2953"}],"wp:featuredmedia":[{"embeddable":true,"href":"https:\/\/www.radiotaxiradio.com\/web\/wp-json\/wp\/v2\/media\/2952"}],"wp:attachment":[{"href":"https:\/\/www.radiotaxiradio.com\/web\/wp-json\/wp\/v2\/media?parent=2951"}],"wp:term":[{"taxonomy":"category","embeddable":true,"href":"https:\/\/www.radiotaxiradio.com\/web\/wp-json\/wp\/v2\/categories?post=2951"},{"taxonomy":"post_tag","embeddable":true,"href":"https:\/\/www.radiotaxiradio.com\/web\/wp-json\/wp\/v2\/tags?post=2951"}],"curies":[{"name":"wp","href":"https:\/\/api.w.org\/{rel}","templated":true}]}}