{"id":2954,"date":"2026-08-07T04:40:48","date_gmt":"2026-08-07T09:40:48","guid":{"rendered":"https:\/\/www.radiotaxiradio.com\/web\/?p=2954"},"modified":"2026-08-07T04:41:43","modified_gmt":"2026-08-07T09:41:43","slug":"alcaldia-decreta-dia-sin-carro-y-sin-moto-en-cucuta-para-este-viernes-7-de-agosto","status":"publish","type":"post","link":"https:\/\/www.radiotaxiradio.com\/web\/2026\/alcaldia-decreta-dia-sin-carro-y-sin-moto-en-cucuta-para-este-viernes-7-de-agosto","title":{"rendered":"Alcald\u00eda decreta d\u00eda sin carro y sin moto en C\u00facuta para este viernes 7 de agosto"},"content":{"rendered":"<p>Varias ciudades del pa\u00eds han tomado esta medida, en el marco de la posesi\u00f3n presidencial de Abelardo de la Espriella.<\/p>\n<p>De acuerdo con lo informado por el alcalde Jorge Acevedo,\u00a0<b>este viernes 7 de agosto, entre las 7:00 de la ma\u00f1ana y las 5:00 de la tarde<\/b>, se llevar\u00e1 a cabo en C\u00facuta la jornada de D\u00eda sin Carro.<\/p>\n<p>La medida, que tambi\u00e9n ha sido adoptada por otros municipios del pa\u00eds, responde a\u00a0<b>acciones preventivas de seguridad<\/b>\u00a0ante las amenazas de grupos armados de presuntamente\u00a0<b>sabotear la posesi\u00f3n presidencial<\/b>\u00a0de Abelardo de la Espriella.<\/p>\n<p>\u201cAdicional a eso\u00a0<b>no podr\u00e1 circular motos con parrilleros ni hombre ni mujer desde las 6 de la tarde del d\u00eda anterior<\/b>, del d\u00eda jueves, hasta las 6 de la ma\u00f1ana del d\u00eda s\u00e1bado\u201d, asegur\u00f3 el mandatario cucute\u00f1o.<\/p>\n<h2>Los veh\u00edculos de carga tambi\u00e9n tendr\u00e1n restricciones<\/h2>\n<p>La restricci\u00f3n tambi\u00e9n aplicar\u00e1 para los veh\u00edculos de carga pesada en zona de frontera.<\/p>\n<p style=\"text-align: left;\">\u201cNo van a poder circular, desde las 6:00 P.M. del d\u00eda anterior y hasta las 6:00 A.M. del viernes,\u00a0<b>volquetas, carros que transporten escombros, carros de transporte pesado<\/b>, esto para prevenir cualquier acci\u00f3n terrorista en la ciudad de C\u00facuta\u201d, explic\u00f3 Acevedo.<\/p>\n<p style=\"text-align: left;\">Las autoridades recomendaron a los ciudadanos mantenerse informados a trav\u00e9s de los canales oficiales y respetar las disposiciones para contribuir al normal desarrollo de la jornada.<\/p>\n<p style=\"text-align: right;\"><em><strong>Fuente:<\/strong> <a href=\"https:\/\/caracol.com.co\/2026\/08\/03\/dia-sin-carro-en-cucuta-este-7-de-agosto-estas-son-las-restricciones-y-horarios\/\" target=\"_blank\" rel=\"noopener\">Caracol Radio<\/a><\/em><\/p>\n","protected":false},"excerpt":{"rendered":"<p>Varias ciudades del pa\u00eds han tomado esta medida, en el marco de la posesi\u00f3n presidencial de Abelardo de la Espriella. De acuerdo con lo informado por el alcalde Jorge Acevedo,\u00a0este viernes 7 de agosto, entre las 7:00 de la ma\u00f1ana y las 5:00 de la tarde, se llevar\u00e1 a cabo en C\u00facuta la jornada de<a class=\"read-more\" href=\"https:\/\/www.radiotaxiradio.com\/web\/2026\/alcaldia-decreta-dia-sin-carro-y-sin-moto-en-cucuta-para-este-viernes-7-de-agosto\"> [&hellip;]<\/a><\/p>\n","protected":false},"author":1,"featured_media":2956,"comment_status":"closed","ping_status":"closed","sticky":false,"template":"","format":"standard","meta":{"footnotes":""},"categories":[9],"tags":[166,675,62,7,161,35,111],"class_list":["post-2954","post","type-post","status-publish","format-standard","has-post-thumbnail","hentry","category-noticias","tag-alcaldia-de-cucuta","tag-batalla-de-boyaca","tag-colombia","tag-cucuta","tag-movilidad","tag-pico-y-placa","tag-transito"],"_links":{"self":[{"href":"https:\/\/www.radiotaxiradio.com\/web\/wp-json\/wp\/v2\/posts\/2954","targetHints":{"allow":["GET"]}}],"collection":[{"href":"https:\/\/www.radiotaxiradio.com\/web\/wp-json\/wp\/v2\/posts"}],"about":[{"href":"https:\/\/www.radiotaxiradio.com\/web\/wp-json\/wp\/v2\/types\/post"}],"author":[{"embeddable":true,"href":"https:\/\/www.radiotaxiradio.com\/web\/wp-json\/wp\/v2\/users\/1"}],"replies":[{"embeddable":true,"href":"https:\/\/www.radiotaxiradio.com\/web\/wp-json\/wp\/v2\/comments?post=2954"}],"version-history":[{"count":3,"href":"https:\/\/www.radiotaxiradio.com\/web\/wp-json\/wp\/v2\/posts\/2954\/revisions"}],"predecessor-version":[{"id":2958,"href":"https:\/\/www.radiotaxiradio.com\/web\/wp-json\/wp\/v2\/posts\/2954\/revisions\/2958"}],"wp:featuredmedia":[{"embeddable":true,"href":"https:\/\/www.radiotaxiradio.com\/web\/wp-json\/wp\/v2\/media\/2956"}],"wp:attachment":[{"href":"https:\/\/www.radiotaxiradio.com\/web\/wp-json\/wp\/v2\/media?parent=2954"}],"wp:term":[{"taxonomy":"category","embeddable":true,"href":"https:\/\/www.radiotaxiradio.com\/web\/wp-json\/wp\/v2\/categories?post=2954"},{"taxonomy":"post_tag","embeddable":true,"href":"https:\/\/www.radiotaxiradio.com\/web\/wp-json\/wp\/v2\/tags?post=2954"}],"curies":[{"name":"wp","href":"https:\/\/api.w.org\/{rel}","templated":true}]}}