{"id":2973,"date":"2026-09-03T09:52:29","date_gmt":"2026-09-03T14:52:29","guid":{"rendered":"https:\/\/www.radiotaxiradio.com\/web\/?p=2973"},"modified":"2026-09-03T09:52:29","modified_gmt":"2026-09-03T14:52:29","slug":"pico-y-placa-taxis-septiembre-2026","status":"publish","type":"post","link":"https:\/\/www.radiotaxiradio.com\/web\/2026\/pico-y-placa-taxis-septiembre-2026","title":{"rendered":"Pico y Placa Taxis Septiembre, 2026"},"content":{"rendered":"<p><strong>\ud83d\ude95\ud83d\udc9b \u00a1SEPTIEMBRE LLEGA CON PICO Y PLACA! \ud83d\udc9b\ud83d\ude95<\/strong><\/p>\n<p>\ud83d\udce2 Se\u00f1ores conductores, compartimos el calendario de Pico y Placa correspondiente al mes de Septiembre, para que todos podamos programarnos y cumplir con las disposiciones de tr\u00e1nsito.<\/p>\n<p>\ud83d\uddd3\ufe0f Recuerda revisar el d\u00eda que corresponde a tu veh\u00edculo.<br \/>\n\u23f0 Horario de restricci\u00f3n: 7:00 a. m. a 8:00 p. m.<\/p>\n<p>\u26a0\ufe0f \u00a1La seguridad vial y el cumplimiento de las normas es responsabilidad de todos!<\/p>\n<p>\ud83d\udcf2 Radio Taxi Radio S.A.<br \/>\n\ud83d\ude96 Ahora m\u00e1s cerca de ti\u2026<br \/>\n\u260e\ufe0f 607 572 4050 | \ud83d\udcf1 WhatsApp: 312 400 9351<\/p>\n<p>\ud83d\udc9b \u00a1Comparte esta informaci\u00f3n y ay\u00fadanos a llegar a m\u00e1s conductores!<\/p>\n","protected":false},"excerpt":{"rendered":"<p>\ud83d\ude95\ud83d\udc9b \u00a1SEPTIEMBRE LLEGA CON PICO Y PLACA! \ud83d\udc9b\ud83d\ude95 \ud83d\udce2 Se\u00f1ores conductores, compartimos el calendario de Pico y Placa correspondiente al mes de Septiembre, para que todos podamos programarnos y cumplir con las disposiciones de tr\u00e1nsito. \ud83d\uddd3\ufe0f Recuerda revisar el d\u00eda que corresponde a tu veh\u00edculo. \u23f0 Horario de restricci\u00f3n: 7:00 a. m. a 8:00 p.<a class=\"read-more\" href=\"https:\/\/www.radiotaxiradio.com\/web\/2026\/pico-y-placa-taxis-septiembre-2026\"> [&hellip;]<\/a><\/p>\n","protected":false},"author":1,"featured_media":2974,"comment_status":"closed","ping_status":"closed","sticky":false,"template":"","format":"standard","meta":{"footnotes":""},"categories":[216],"tags":[97,7,161,35,6],"class_list":["post-2973","post","type-post","status-publish","format-standard","has-post-thumbnail","hentry","category-avisos","tag-comparendos","tag-cucuta","tag-movilidad","tag-pico-y-placa","tag-taxis"],"_links":{"self":[{"href":"https:\/\/www.radiotaxiradio.com\/web\/wp-json\/wp\/v2\/posts\/2973","targetHints":{"allow":["GET"]}}],"collection":[{"href":"https:\/\/www.radiotaxiradio.com\/web\/wp-json\/wp\/v2\/posts"}],"about":[{"href":"https:\/\/www.radiotaxiradio.com\/web\/wp-json\/wp\/v2\/types\/post"}],"author":[{"embeddable":true,"href":"https:\/\/www.radiotaxiradio.com\/web\/wp-json\/wp\/v2\/users\/1"}],"replies":[{"embeddable":true,"href":"https:\/\/www.radiotaxiradio.com\/web\/wp-json\/wp\/v2\/comments?post=2973"}],"version-history":[{"count":1,"href":"https:\/\/www.radiotaxiradio.com\/web\/wp-json\/wp\/v2\/posts\/2973\/revisions"}],"predecessor-version":[{"id":2975,"href":"https:\/\/www.radiotaxiradio.com\/web\/wp-json\/wp\/v2\/posts\/2973\/revisions\/2975"}],"wp:featuredmedia":[{"embeddable":true,"href":"https:\/\/www.radiotaxiradio.com\/web\/wp-json\/wp\/v2\/media\/2974"}],"wp:attachment":[{"href":"https:\/\/www.radiotaxiradio.com\/web\/wp-json\/wp\/v2\/media?parent=2973"}],"wp:term":[{"taxonomy":"category","embeddable":true,"href":"https:\/\/www.radiotaxiradio.com\/web\/wp-json\/wp\/v2\/categories?post=2973"},{"taxonomy":"post_tag","embeddable":true,"href":"https:\/\/www.radiotaxiradio.com\/web\/wp-json\/wp\/v2\/tags?post=2973"}],"curies":[{"name":"wp","href":"https:\/\/api.w.org\/{rel}","templated":true}]}}